{"id":3328,"date":"2022-12-15T12:04:12","date_gmt":"2022-12-15T11:04:12","guid":{"rendered":"https:\/\/printendo.de\/blog\/?p=3328"},"modified":"2022-12-15T12:04:13","modified_gmt":"2022-12-15T11:04:13","slug":"grafische-trends-2023","status":"publish","type":"post","link":"https:\/\/printendo.de\/blog\/grafische-trends-2023\/","title":{"rendered":"Grafische Trends 2023"},"content":{"rendered":"\n<p>Man k\u00f6nnte sagen, es ist schon eine Tradition! Eine Zusammenstellung der interessantesten Trends im Grafikdesign, die f\u00fcr das kommende Jahr prognostiziert werden, ist gerade in unserem Blog erschienen. Lesen, sehen und nutzen Sie diese Informationen bei der Planung Ihrer kreativen Vorhaben im n\u00e4chsten Jahr (nicht nur im Bereich Grafikdesign!).<\/p>\n\n\n\n<!--more-->\n\n\n\n<h2 class=\"wp-block-heading\">Geometrische Formen<\/h2>\n\n\n\n<p>Man k\u00f6nnte sagen, dass sich diese Richtung im Grafikdesign seit dem Bauhaus durchgesetzt hat. Mehr als ein Jahrhundert Tradition ist vergangen, und der Z\u00e4hler schl\u00e4gt weiter und beeinflusst den kreativen Ansatz von Marken und Vertretern der Kunstwelt. Das ist nicht weiter verwunderlich: Klare Formen, geometrische, einfache Kompositionen in schlichten und schn\u00f6rkellosen Farben werden mit Benutzerfreundlichkeit und Zug\u00e4nglichkeit in Verbindung gebracht. Kreationen, die auf Geometrie und einer reduzierten Anzahl von Elementen basieren, entsprechen dem Bed\u00fcrfnis nach Transparenz, dr\u00fccken Einfachheit aus und vermitteln eine Leichtigkeit der Wahrnehmung, die mit feineren Kreationen oft schwer zu erreichen ist.<\/p>\n\n\n\n<figure class=\"wp-block-image size-full\"><img decoding=\"async\" width=\"1024\" height=\"684\" src=\"https:\/\/printendo.de\/blog\/wp-content\/uploads\/1-56.jpeg\" alt=\"\" class=\"wp-image-3330\" srcset=\"https:\/\/printendo.de\/blog\/wp-content\/uploads\/1-56.jpeg 1024w, https:\/\/printendo.de\/blog\/wp-content\/uploads\/1-56-300x200.jpeg 300w, https:\/\/printendo.de\/blog\/wp-content\/uploads\/1-56-768x513.jpeg 768w, https:\/\/printendo.de\/blog\/wp-content\/uploads\/1-56-585x391.jpeg 585w, https:\/\/printendo.de\/blog\/wp-content\/uploads\/1-56-263x175.jpeg 263w\" sizes=\"(max-width: 1024px) 100vw, 1024px\" \/><figcaption>\u00a9 Astghik Vardanian<\/figcaption><\/figure>\n\n\n\n<figure class=\"wp-block-gallery has-nested-images columns-default is-cropped wp-block-gallery-1 is-layout-flex\">\n<figure class=\"wp-block-image size-large\"><img decoding=\"async\" width=\"874\" height=\"908\" data-id=\"3332\"  src=\"https:\/\/printendo.de\/blog\/wp-content\/uploads\/2-55.jpeg\" alt=\"\" class=\"wp-image-3332\" srcset=\"https:\/\/printendo.de\/blog\/wp-content\/uploads\/2-55.jpeg 874w, https:\/\/printendo.de\/blog\/wp-content\/uploads\/2-55-289x300.jpeg 289w, https:\/\/printendo.de\/blog\/wp-content\/uploads\/2-55-768x798.jpeg 768w, https:\/\/printendo.de\/blog\/wp-content\/uploads\/2-55-585x608.jpeg 585w, https:\/\/printendo.de\/blog\/wp-content\/uploads\/2-55-24x24.jpeg 24w\" sizes=\"(max-width: 874px) 100vw, 874px\" \/><figcaption>\u00a9 Mateus Ara\u00fajo<\/figcaption><\/figure>\n\n\n\n<figure class=\"wp-block-image size-large\"><img decoding=\"async\" width=\"940\" height=\"941\" data-id=\"3331\"  src=\"https:\/\/printendo.de\/blog\/wp-content\/uploads\/3-48.jpeg\" alt=\"\" class=\"wp-image-3331\" srcset=\"https:\/\/printendo.de\/blog\/wp-content\/uploads\/3-48.jpeg 940w, https:\/\/printendo.de\/blog\/wp-content\/uploads\/3-48-300x300.jpeg 300w, https:\/\/printendo.de\/blog\/wp-content\/uploads\/3-48-150x150.jpeg 150w, https:\/\/printendo.de\/blog\/wp-content\/uploads\/3-48-768x769.jpeg 768w, https:\/\/printendo.de\/blog\/wp-content\/uploads\/3-48-585x585.jpeg 585w, https:\/\/printendo.de\/blog\/wp-content\/uploads\/3-48-640x640.jpeg 640w, https:\/\/printendo.de\/blog\/wp-content\/uploads\/3-48-24x24.jpeg 24w, https:\/\/printendo.de\/blog\/wp-content\/uploads\/3-48-48x48.jpeg 48w, https:\/\/printendo.de\/blog\/wp-content\/uploads\/3-48-96x96.jpeg 96w\" sizes=\"(max-width: 940px) 100vw, 940px\" \/><figcaption>\u00a9 Vratislav Pecka<\/figcaption><\/figure>\n<\/figure>\n\n\n\n<figure class=\"wp-block-gallery has-nested-images columns-default is-cropped wp-block-gallery-3 is-layout-flex\">\n<figure class=\"wp-block-image size-large\"><img decoding=\"async\" width=\"1024\" height=\"630\" data-id=\"3333\"  src=\"https:\/\/printendo.de\/blog\/wp-content\/uploads\/4-41.jpeg\" alt=\"\" class=\"wp-image-3333\" srcset=\"https:\/\/printendo.de\/blog\/wp-content\/uploads\/4-41.jpeg 1024w, https:\/\/printendo.de\/blog\/wp-content\/uploads\/4-41-300x185.jpeg 300w, https:\/\/printendo.de\/blog\/wp-content\/uploads\/4-41-768x473.jpeg 768w, https:\/\/printendo.de\/blog\/wp-content\/uploads\/4-41-585x360.jpeg 585w\" sizes=\"(max-width: 1024px) 100vw, 1024px\" \/><figcaption>\u00a9 Mateus Ara\u00fajo<\/figcaption><\/figure>\n<\/figure>\n\n\n\n<h2 class=\"wp-block-heading\">Surrealismus (unver\u00e4ndert seit Jahren!)<\/h2>\n\n\n\n<p>Ein weiterer Trend, der den kreativen Sockel seit Jahren nicht verlassen hat! Der Surrealismus \u00fcberrascht, bricht mit Konventionen und weckt die Neugierde zu entdecken, zu erforschen und zu vermuten, und jeder Augenblick, der damit verbracht wird, ist ein zus\u00e4tzlicher Anker, der das Bild in den K\u00f6pfen derer h\u00e4lt, die es gesehen haben. Der Surrealismus l\u00e4sst sich leicht in ein unkonventionelles Design integrieren, das Emotionen wecken und ein Understatement hinterlassen soll, aber er funktioniert auch gut in einem schlichten und modernen Ansatz, als ein &#8222;die Langeweile unterbrechendes&#8220; Element in harmonischen und ausgewogenen Designs.<\/p>\n\n\n\n<figure class=\"wp-block-image size-full\"><img decoding=\"async\" width=\"1024\" height=\"426\" src=\"https:\/\/printendo.de\/blog\/wp-content\/uploads\/6-38.jpeg\" alt=\"\" class=\"wp-image-3335\" srcset=\"https:\/\/printendo.de\/blog\/wp-content\/uploads\/6-38.jpeg 1024w, https:\/\/printendo.de\/blog\/wp-content\/uploads\/6-38-300x125.jpeg 300w, https:\/\/printendo.de\/blog\/wp-content\/uploads\/6-38-768x320.jpeg 768w, https:\/\/printendo.de\/blog\/wp-content\/uploads\/6-38-585x243.jpeg 585w\" sizes=\"(max-width: 1024px) 100vw, 1024px\" \/><figcaption>\u00a9 Tomaszewicz Studio<\/figcaption><\/figure>\n\n\n\n<figure class=\"wp-block-gallery has-nested-images columns-default is-cropped wp-block-gallery-5 is-layout-flex\">\n<figure class=\"wp-block-image size-large\"><img decoding=\"async\" width=\"574\" height=\"811\" data-id=\"3336\"  src=\"https:\/\/printendo.de\/blog\/wp-content\/uploads\/7-34.jpeg\" alt=\"\" class=\"wp-image-3336\" srcset=\"https:\/\/printendo.de\/blog\/wp-content\/uploads\/7-34.jpeg 574w, https:\/\/printendo.de\/blog\/wp-content\/uploads\/7-34-212x300.jpeg 212w\" sizes=\"(max-width: 574px) 100vw, 574px\" \/><figcaption>\u00a9 Seb NIARK1 FERAUT<\/figcaption><\/figure>\n\n\n\n<figure class=\"wp-block-image size-large\"><img decoding=\"async\" width=\"1024\" height=\"921\" data-id=\"3337\"  src=\"https:\/\/printendo.de\/blog\/wp-content\/uploads\/8-30.jpeg\" alt=\"\" class=\"wp-image-3337\" srcset=\"https:\/\/printendo.de\/blog\/wp-content\/uploads\/8-30.jpeg 1024w, https:\/\/printendo.de\/blog\/wp-content\/uploads\/8-30-300x270.jpeg 300w, https:\/\/printendo.de\/blog\/wp-content\/uploads\/8-30-768x691.jpeg 768w, https:\/\/printendo.de\/blog\/wp-content\/uploads\/8-30-585x526.jpeg 585w\" sizes=\"(max-width: 1024px) 100vw, 1024px\" \/><figcaption>\u00a9 Beppe Conti<\/figcaption><\/figure>\n<\/figure>\n\n\n\n<figure class=\"wp-block-image size-full\"><img decoding=\"async\" width=\"1024\" height=\"575\" src=\"https:\/\/printendo.de\/blog\/wp-content\/uploads\/9-31.jpeg\" alt=\"\" class=\"wp-image-3338\" srcset=\"https:\/\/printendo.de\/blog\/wp-content\/uploads\/9-31.jpeg 1024w, https:\/\/printendo.de\/blog\/wp-content\/uploads\/9-31-300x168.jpeg 300w, https:\/\/printendo.de\/blog\/wp-content\/uploads\/9-31-768x431.jpeg 768w, https:\/\/printendo.de\/blog\/wp-content\/uploads\/9-31-585x328.jpeg 585w\" sizes=\"(max-width: 1024px) 100vw, 1024px\" \/><figcaption>\u00a9 Eduardo Ram\u00f3n<\/figcaption><\/figure>\n\n\n\n<h2 class=\"wp-block-heading\">Minimalismus voller Farbe<\/h2>\n\n\n\n<p>Der Minimalismus war bereits in den Trendartikeln der vergangenen Jahre zu sehen, aber seine farbenfrohe Version ist die Neuheit der kommenden Saison. Der minimalistische Ansatz in der Grafik passt perfekt zu der Konvention &#8222;wie man mit wenig viel sagt&#8220;, weshalb er so gerne von Marken gew\u00e4hlt wird, die eine dezente und nicht zu auff\u00e4llige visuelle Identit\u00e4t anstreben und nach Einfachheit und Raffinesse suchen. Farben bringen Emotionen, Energie und &#8222;Leben&#8220; in Kreationen, die scheinbar emotionslos sind, die aber durch die Farbe einen ganz anderen Ausdruck erhalten.<\/p>\n\n\n\n<figure class=\"wp-block-gallery has-nested-images columns-default is-cropped wp-block-gallery-7 is-layout-flex\">\n<figure class=\"wp-block-image size-large\"><img decoding=\"async\" width=\"1024\" height=\"576\" data-id=\"3339\"  src=\"https:\/\/printendo.de\/blog\/wp-content\/uploads\/10-27.jpeg\" alt=\"\" class=\"wp-image-3339\" srcset=\"https:\/\/printendo.de\/blog\/wp-content\/uploads\/10-27.jpeg 1024w, https:\/\/printendo.de\/blog\/wp-content\/uploads\/10-27-300x169.jpeg 300w, https:\/\/printendo.de\/blog\/wp-content\/uploads\/10-27-768x432.jpeg 768w, https:\/\/printendo.de\/blog\/wp-content\/uploads\/10-27-585x329.jpeg 585w\" sizes=\"(max-width: 1024px) 100vw, 1024px\" \/><figcaption>\u00a9 Daniel Brokstad<\/figcaption><\/figure>\n\n\n\n<figure class=\"wp-block-image size-large\"><img decoding=\"async\" width=\"1024\" height=\"646\" data-id=\"3340\"  src=\"https:\/\/printendo.de\/blog\/wp-content\/uploads\/11-26.jpeg\" alt=\"\" class=\"wp-image-3340\" srcset=\"https:\/\/printendo.de\/blog\/wp-content\/uploads\/11-26.jpeg 1024w, https:\/\/printendo.de\/blog\/wp-content\/uploads\/11-26-300x189.jpeg 300w, https:\/\/printendo.de\/blog\/wp-content\/uploads\/11-26-768x485.jpeg 768w, https:\/\/printendo.de\/blog\/wp-content\/uploads\/11-26-585x369.jpeg 585w\" sizes=\"(max-width: 1024px) 100vw, 1024px\" \/><figcaption>\u00a9 Kinoto Studio, Romina Rios, Luc Geoffroy, M\u00f3nica Reyes Studio<\/figcaption><\/figure>\n<\/figure>\n\n\n\n<figure class=\"wp-block-image size-full\"><img decoding=\"async\" width=\"1024\" height=\"610\" src=\"https:\/\/printendo.de\/blog\/wp-content\/uploads\/12-23.jpeg\" alt=\"\" class=\"wp-image-3341\" srcset=\"https:\/\/printendo.de\/blog\/wp-content\/uploads\/12-23.jpeg 1024w, https:\/\/printendo.de\/blog\/wp-content\/uploads\/12-23-300x179.jpeg 300w, https:\/\/printendo.de\/blog\/wp-content\/uploads\/12-23-768x458.jpeg 768w, https:\/\/printendo.de\/blog\/wp-content\/uploads\/12-23-585x348.jpeg 585w\" sizes=\"(max-width: 1024px) 100vw, 1024px\" \/><figcaption>\u00a9 C\u00e1ssio Podgaietsky &amp; Braaco Design<\/figcaption><\/figure>\n\n\n\n<figure class=\"wp-block-image size-full\"><img decoding=\"async\" width=\"1024\" height=\"681\" src=\"https:\/\/printendo.de\/blog\/wp-content\/uploads\/13-18.jpeg\" alt=\"\" class=\"wp-image-3342\" srcset=\"https:\/\/printendo.de\/blog\/wp-content\/uploads\/13-18.jpeg 1024w, https:\/\/printendo.de\/blog\/wp-content\/uploads\/13-18-300x200.jpeg 300w, https:\/\/printendo.de\/blog\/wp-content\/uploads\/13-18-768x511.jpeg 768w, https:\/\/printendo.de\/blog\/wp-content\/uploads\/13-18-585x389.jpeg 585w, https:\/\/printendo.de\/blog\/wp-content\/uploads\/13-18-263x175.jpeg 263w\" sizes=\"(max-width: 1024px) 100vw, 1024px\" \/><figcaption>\u00a9 Filipe Lampejo<\/figcaption><\/figure>\n\n\n\n<figure class=\"wp-block-image size-large\"><a href=\"https:\/\/www.facebook.com\/printendo.de\/\"><img decoding=\"async\" width=\"1024\" height=\"341\" src=\"https:\/\/printendo.de\/blog\/wp-content\/uploads\/pdo-obserwuj_facebook_1200x400-2-1024x341.png\" alt=\"\" class=\"wp-image-2982\" srcset=\"https:\/\/printendo.de\/blog\/wp-content\/uploads\/pdo-obserwuj_facebook_1200x400-2-1024x341.png 1024w, https:\/\/printendo.de\/blog\/wp-content\/uploads\/pdo-obserwuj_facebook_1200x400-2-300x100.png 300w, https:\/\/printendo.de\/blog\/wp-content\/uploads\/pdo-obserwuj_facebook_1200x400-2-768x256.png 768w, https:\/\/printendo.de\/blog\/wp-content\/uploads\/pdo-obserwuj_facebook_1200x400-2-1170x390.png 1170w, https:\/\/printendo.de\/blog\/wp-content\/uploads\/pdo-obserwuj_facebook_1200x400-2-585x195.png 585w, https:\/\/printendo.de\/blog\/wp-content\/uploads\/pdo-obserwuj_facebook_1200x400-2.png 1200w\" sizes=\"(max-width: 1024px) 100vw, 1024px\" \/><\/a><\/figure>\n\n\n\n<h2 class=\"wp-block-heading\">Maximalismus<\/h2>\n\n\n\n<p>Am anderen Ende des Spektrums steht etwas v\u00f6llig Neues, ein Trend, der sich in gewisser Weise bereits in der Psychedelia manifestiert hat, die die letzten beiden Jahre dominiert hat. Der Maximalismus im Jahr 2023 wird sich in die Fluten des kreativen Ozeans st\u00fcrzen und in v\u00f6lligem Gegensatz zum ausgewogenen und reinen Minimalismus stehen. Maximalistisches Design zeichnet sich durch den Wunsch aus, alle Grenzen aufzuheben und sich schamlos am Exzess zu erfreuen. Maximalismus wird eine der m\u00f6glichen Richtungen f\u00fcr Marken sein, deren Identit\u00e4t darin besteht, mit Konventionen zu brechen, sich gegen den Status quo zu stellen und den Individualismus in den Vordergrund zu bringen.<\/p>\n\n\n\n<figure class=\"wp-block-image size-full\"><img decoding=\"async\" width=\"1024\" height=\"574\" src=\"https:\/\/printendo.de\/blog\/wp-content\/uploads\/14-16.jpeg\" alt=\"\" class=\"wp-image-3343\" srcset=\"https:\/\/printendo.de\/blog\/wp-content\/uploads\/14-16.jpeg 1024w, https:\/\/printendo.de\/blog\/wp-content\/uploads\/14-16-300x168.jpeg 300w, https:\/\/printendo.de\/blog\/wp-content\/uploads\/14-16-768x431.jpeg 768w, https:\/\/printendo.de\/blog\/wp-content\/uploads\/14-16-585x328.jpeg 585w\" sizes=\"(max-width: 1024px) 100vw, 1024px\" \/><figcaption>\u00a9 Anoushka Seth<\/figcaption><\/figure>\n\n\n\n<figure class=\"wp-block-image size-full\"><img decoding=\"async\" width=\"899\" height=\"669\" src=\"https:\/\/printendo.de\/blog\/wp-content\/uploads\/15-16.jpeg\" alt=\"\" class=\"wp-image-3344\" srcset=\"https:\/\/printendo.de\/blog\/wp-content\/uploads\/15-16.jpeg 899w, https:\/\/printendo.de\/blog\/wp-content\/uploads\/15-16-300x223.jpeg 300w, https:\/\/printendo.de\/blog\/wp-content\/uploads\/15-16-768x572.jpeg 768w, https:\/\/printendo.de\/blog\/wp-content\/uploads\/15-16-585x435.jpeg 585w\" sizes=\"(max-width: 899px) 100vw, 899px\" \/><figcaption>\u00a9 Ailish Beadle<\/figcaption><\/figure>\n\n\n\n<figure class=\"wp-block-image size-full\"><img decoding=\"async\" width=\"1024\" height=\"490\" src=\"https:\/\/printendo.de\/blog\/wp-content\/uploads\/16-16.jpeg\" alt=\"\" class=\"wp-image-3345\" srcset=\"https:\/\/printendo.de\/blog\/wp-content\/uploads\/16-16.jpeg 1024w, https:\/\/printendo.de\/blog\/wp-content\/uploads\/16-16-300x144.jpeg 300w, https:\/\/printendo.de\/blog\/wp-content\/uploads\/16-16-768x368.jpeg 768w, https:\/\/printendo.de\/blog\/wp-content\/uploads\/16-16-585x280.jpeg 585w\" sizes=\"(max-width: 1024px) 100vw, 1024px\" \/><figcaption>\u00a9 Devika Singh<\/figcaption><\/figure>\n\n\n\n<h2 class=\"wp-block-heading\">Serifen-Schriften<\/h2>\n\n\n\n<p>Die Klassiker kehren in den Schriftsatz zur\u00fcck! Das kommende Jahr ist die Zeit der &#8222;Serifen&#8220;, die visuelle Identit\u00e4ten, Website-Inhalte und Werbematerialien dominieren werden. Die Anf\u00e4nge dieses Trends sind bereits im Rebranding vieler Marken zu sehen, die sich von der minimalistischen, einfachen Typografie verabschieden und zu den Klassikern zur\u00fcckkehren, die man aus den Printmedien kennt. Serifenschriften wecken Assoziationen, die mit Tradition, Stabilit\u00e4t und einem Gef\u00fchl der Sicherheit verbunden sind. Sie eignen sich daher gut, wenn es wichtig ist, Vertrauen und langfristige Beziehungen zu den Zielgruppen aufzubauen. Die Wahl einer Serifenschrift ist in einer Zeit, in der die Kommunikation, die seit Jahren nach Vereinfachung strebt, von serifenlosen Typografien \u00fcberschwemmt wird, auch eine M\u00f6glichkeit, sich von der Masse abzuheben und einen Punkt auf der Originalit\u00e4tsskala hinzuzuf\u00fcgen.<\/p>\n\n\n\n<figure class=\"wp-block-image size-full\"><img decoding=\"async\" width=\"1024\" height=\"697\" src=\"https:\/\/printendo.de\/blog\/wp-content\/uploads\/17-16.jpeg\" alt=\"\" class=\"wp-image-3346\" srcset=\"https:\/\/printendo.de\/blog\/wp-content\/uploads\/17-16.jpeg 1024w, https:\/\/printendo.de\/blog\/wp-content\/uploads\/17-16-300x204.jpeg 300w, https:\/\/printendo.de\/blog\/wp-content\/uploads\/17-16-768x523.jpeg 768w, https:\/\/printendo.de\/blog\/wp-content\/uploads\/17-16-585x398.jpeg 585w\" sizes=\"(max-width: 1024px) 100vw, 1024px\" \/><figcaption>\u00a9 Ren\u00e9 Bieder<\/figcaption><\/figure>\n\n\n\n<figure class=\"wp-block-image size-full\"><img decoding=\"async\" width=\"964\" height=\"644\" src=\"https:\/\/printendo.de\/blog\/wp-content\/uploads\/18-14.jpeg\" alt=\"\" class=\"wp-image-3347\" srcset=\"https:\/\/printendo.de\/blog\/wp-content\/uploads\/18-14.jpeg 964w, https:\/\/printendo.de\/blog\/wp-content\/uploads\/18-14-300x200.jpeg 300w, https:\/\/printendo.de\/blog\/wp-content\/uploads\/18-14-768x513.jpeg 768w, https:\/\/printendo.de\/blog\/wp-content\/uploads\/18-14-585x391.jpeg 585w, https:\/\/printendo.de\/blog\/wp-content\/uploads\/18-14-263x175.jpeg 263w\" sizes=\"(max-width: 964px) 100vw, 964px\" \/><figcaption>\u00a9 Creative Momentum<\/figcaption><\/figure>\n\n\n\n<figure class=\"wp-block-image size-full\"><img decoding=\"async\" width=\"973\" height=\"647\" src=\"https:\/\/printendo.de\/blog\/wp-content\/uploads\/19-12.jpeg\" alt=\"\" class=\"wp-image-3348\" srcset=\"https:\/\/printendo.de\/blog\/wp-content\/uploads\/19-12.jpeg 973w, https:\/\/printendo.de\/blog\/wp-content\/uploads\/19-12-300x199.jpeg 300w, https:\/\/printendo.de\/blog\/wp-content\/uploads\/19-12-768x511.jpeg 768w, https:\/\/printendo.de\/blog\/wp-content\/uploads\/19-12-585x389.jpeg 585w, https:\/\/printendo.de\/blog\/wp-content\/uploads\/19-12-263x175.jpeg 263w\" sizes=\"(max-width: 973px) 100vw, 973px\" \/><figcaption>\u00a9 Creatype Studio<\/figcaption><\/figure>\n\n\n\n<figure class=\"wp-block-gallery has-nested-images columns-default is-cropped wp-block-gallery-9 is-layout-flex\">\n<figure class=\"wp-block-image size-large\"><img decoding=\"async\" width=\"707\" height=\"938\" data-id=\"3350\"  src=\"https:\/\/printendo.de\/blog\/wp-content\/uploads\/20-6.jpeg\" alt=\"\" class=\"wp-image-3350\" srcset=\"https:\/\/printendo.de\/blog\/wp-content\/uploads\/20-6.jpeg 707w, https:\/\/printendo.de\/blog\/wp-content\/uploads\/20-6-226x300.jpeg 226w, https:\/\/printendo.de\/blog\/wp-content\/uploads\/20-6-585x776.jpeg 585w\" sizes=\"(max-width: 707px) 100vw, 707px\" \/><figcaption>\u00a9 Plamen Motev &amp; Fontfabric Type Foundry<\/figcaption><\/figure>\n\n\n\n<figure class=\"wp-block-image size-large\"><img decoding=\"async\" width=\"1024\" height=\"690\" data-id=\"3349\"  src=\"https:\/\/printendo.de\/blog\/wp-content\/uploads\/21-7.jpeg\" alt=\"\" class=\"wp-image-3349\" srcset=\"https:\/\/printendo.de\/blog\/wp-content\/uploads\/21-7.jpeg 1024w, https:\/\/printendo.de\/blog\/wp-content\/uploads\/21-7-300x202.jpeg 300w, https:\/\/printendo.de\/blog\/wp-content\/uploads\/21-7-768x518.jpeg 768w, https:\/\/printendo.de\/blog\/wp-content\/uploads\/21-7-585x394.jpeg 585w\" sizes=\"(max-width: 1024px) 100vw, 1024px\" \/><figcaption>\u00a9 Plamen Motev &amp; Fontfabric Type Foundry<\/figcaption><\/figure>\n<\/figure>\n\n\n\n<figure class=\"wp-block-image size-full\"><img decoding=\"async\" width=\"1024\" height=\"684\" src=\"https:\/\/printendo.de\/blog\/wp-content\/uploads\/22-7.jpeg\" alt=\"\" class=\"wp-image-3351\" srcset=\"https:\/\/printendo.de\/blog\/wp-content\/uploads\/22-7.jpeg 1024w, https:\/\/printendo.de\/blog\/wp-content\/uploads\/22-7-300x200.jpeg 300w, https:\/\/printendo.de\/blog\/wp-content\/uploads\/22-7-768x513.jpeg 768w, https:\/\/printendo.de\/blog\/wp-content\/uploads\/22-7-585x391.jpeg 585w, https:\/\/printendo.de\/blog\/wp-content\/uploads\/22-7-263x175.jpeg 263w\" sizes=\"(max-width: 1024px) 100vw, 1024px\" \/><figcaption>\u00a9 Valentino Vergan &amp; Martin Katibi<\/figcaption><\/figure>\n\n\n\n<h2 class=\"wp-block-heading\">Brutalismus<\/h2>\n\n\n\n<p>Da ist er! Umstritten, ikonoklastisch und anfechtbar. Brutalismus soll roh und zwanglos wirken &#8211; wie ein unvollendetes Projekt oder manchmal sogar ein kreatives Unterfangen von jemandem, der seine ersten Schritte in der Welt des Grafikdesigns macht. Der Brutalismus sprengt die Mauern der Vorstellungskraft und erm\u00f6glicht einen nahezu grenzenlosen Ausdruck. Deshalb werden sich die Kunstwelt und die Marken zunehmend diesem Stil zuwenden &#8211; zum Leidwesen der Puristen und zur Freude derjenigen, die danach s\u00fcchtig sind, aus ihrer Komfortzone herauszutreten.<\/p>\n\n\n\n<figure class=\"wp-block-image size-full\"><img decoding=\"async\" width=\"1024\" height=\"709\" src=\"https:\/\/printendo.de\/blog\/wp-content\/uploads\/23-7.jpeg\" alt=\"\" class=\"wp-image-3352\" srcset=\"https:\/\/printendo.de\/blog\/wp-content\/uploads\/23-7.jpeg 1024w, https:\/\/printendo.de\/blog\/wp-content\/uploads\/23-7-300x208.jpeg 300w, https:\/\/printendo.de\/blog\/wp-content\/uploads\/23-7-768x532.jpeg 768w, https:\/\/printendo.de\/blog\/wp-content\/uploads\/23-7-585x405.jpeg 585w\" sizes=\"(max-width: 1024px) 100vw, 1024px\" \/><figcaption>\u00a9 Lucas Matheus<\/figcaption><\/figure>\n\n\n\n<figure class=\"wp-block-image size-full\"><img decoding=\"async\" width=\"1024\" height=\"829\" src=\"https:\/\/printendo.de\/blog\/wp-content\/uploads\/24-1.png\" alt=\"\" class=\"wp-image-3353\" srcset=\"https:\/\/printendo.de\/blog\/wp-content\/uploads\/24-1.png 1024w, https:\/\/printendo.de\/blog\/wp-content\/uploads\/24-1-300x243.png 300w, https:\/\/printendo.de\/blog\/wp-content\/uploads\/24-1-768x622.png 768w, https:\/\/printendo.de\/blog\/wp-content\/uploads\/24-1-585x474.png 585w\" sizes=\"(max-width: 1024px) 100vw, 1024px\" \/><figcaption>\u00a9 Margarita Golubeva &amp; Butcher Studio<\/figcaption><\/figure>\n\n\n\n<figure class=\"wp-block-image size-full\"><img decoding=\"async\" width=\"1024\" height=\"601\" src=\"https:\/\/printendo.de\/blog\/wp-content\/uploads\/25-2.jpeg\" alt=\"\" class=\"wp-image-3354\" srcset=\"https:\/\/printendo.de\/blog\/wp-content\/uploads\/25-2.jpeg 1024w, https:\/\/printendo.de\/blog\/wp-content\/uploads\/25-2-300x176.jpeg 300w, https:\/\/printendo.de\/blog\/wp-content\/uploads\/25-2-768x451.jpeg 768w, https:\/\/printendo.de\/blog\/wp-content\/uploads\/25-2-585x343.jpeg 585w\" sizes=\"(max-width: 1024px) 100vw, 1024px\" \/><figcaption>\u00a9 Gabriella Szabo<\/figcaption><\/figure>\n\n\n\n<h2 class=\"wp-block-heading\">Inklusivit\u00e4t<\/h2>\n\n\n\n<p>Inklusivit\u00e4t bedeutet Eingliederung, und Aspekte wie Geschlecht, Kultur, Rasse, F\u00e4higkeiten und Barrierefreiheit sind in dieser Definition enthalten. Wenn man \u00fcber den Trend zur Inklusion spricht, sollte man nicht vergessen, dass es dabei nicht nur um Grafikdesign, sondern um Kommunikation im Allgemeinen geht. Seitdem die Welt durch das Internet zu einem globalen Dorf geworden ist, sind wir uns unserer Vielfalt st\u00e4rker bewusst. Sich diesem Thema im Grafikdesign zu \u00f6ffnen, zeigt die Sch\u00f6nheit dessen, was wir als Menschheit sind. Eine Repr\u00e4sentation, die die Vielfalt einbezieht, schafft Raum f\u00fcr mehr Stimmen, Ideen und Perspektiven, die in der Geschichte meist \u00fcbersehen worden sind. Dies als Trend im Grafikdesign zu zeigen, signalisiert eine gute Entwicklung hin zu einer vielf\u00e4ltigeren, kulturellen Landschaft und er\u00f6ffnet Marken die M\u00f6glichkeit zum Dialog mit neuen Zielgruppen.<\/p>\n\n\n\n<figure class=\"wp-block-image size-full\"><img decoding=\"async\" width=\"1024\" height=\"576\" src=\"https:\/\/printendo.de\/blog\/wp-content\/uploads\/26-2.jpeg\" alt=\"\" class=\"wp-image-3355\" srcset=\"https:\/\/printendo.de\/blog\/wp-content\/uploads\/26-2.jpeg 1024w, https:\/\/printendo.de\/blog\/wp-content\/uploads\/26-2-300x169.jpeg 300w, https:\/\/printendo.de\/blog\/wp-content\/uploads\/26-2-768x432.jpeg 768w, https:\/\/printendo.de\/blog\/wp-content\/uploads\/26-2-585x329.jpeg 585w\" sizes=\"(max-width: 1024px) 100vw, 1024px\" \/><figcaption>\u00a9 Kebs Lestrange<\/figcaption><\/figure>\n\n\n\n<figure class=\"wp-block-image size-full\"><img decoding=\"async\" width=\"1024\" height=\"577\" src=\"https:\/\/printendo.de\/blog\/wp-content\/uploads\/27-1.jpeg\" alt=\"\" class=\"wp-image-3356\" srcset=\"https:\/\/printendo.de\/blog\/wp-content\/uploads\/27-1.jpeg 1024w, https:\/\/printendo.de\/blog\/wp-content\/uploads\/27-1-300x169.jpeg 300w, https:\/\/printendo.de\/blog\/wp-content\/uploads\/27-1-768x433.jpeg 768w, https:\/\/printendo.de\/blog\/wp-content\/uploads\/27-1-585x330.jpeg 585w\" sizes=\"(max-width: 1024px) 100vw, 1024px\" \/><figcaption>\u00a9 TONIC DNA, Marta Grasso, MARC-ALAIN GRENON<\/figcaption><\/figure>\n\n\n\n<figure class=\"wp-block-image size-full\"><img decoding=\"async\" width=\"1024\" height=\"768\" src=\"https:\/\/printendo.de\/blog\/wp-content\/uploads\/28-1.jpeg\" alt=\"\" class=\"wp-image-3357\" srcset=\"https:\/\/printendo.de\/blog\/wp-content\/uploads\/28-1.jpeg 1024w, https:\/\/printendo.de\/blog\/wp-content\/uploads\/28-1-300x225.jpeg 300w, https:\/\/printendo.de\/blog\/wp-content\/uploads\/28-1-768x576.jpeg 768w, https:\/\/printendo.de\/blog\/wp-content\/uploads\/28-1-585x439.jpeg 585w\" sizes=\"(max-width: 1024px) 100vw, 1024px\" \/><figcaption>\u00a9 Poornhimaa S \/ fot. BAZAAR<\/figcaption><\/figure>\n\n\n\n<h2 class=\"wp-block-heading\">Von der Natur inspiriert<\/h2>\n\n\n\n<p>Die Welt des Grafikdesigns hat mehr als einmal bewiesen, dass es sich lohnt, \u00fcber das zu sprechen, was wichtig ist, und dass das Erz\u00e4hlen von Geschichten durch Bilder genauso wirkungsvoll ist wie durch Worte. Neben sozialen Themen (wie der bereits erw\u00e4hnten Inklusivit\u00e4t) haben sich Marken und Kreativwelten auch die nat\u00fcrliche Umwelt zum Ziel gesetzt, deren Zerst\u00f6rung seit Jahren anh\u00e4lt und sich jedes Jahr zu beschleunigen scheint. Die Inspiration der Natur in der Grafik besteht einerseits darin, das \u00d6kosystem zu w\u00fcrdigen, ohne das der Mensch nicht leben k\u00f6nnte, und andererseits die Gelegenheit zu nutzen, um auf \u00f6kologische oder umweltpolitische Fragen aufmerksam zu machen, \u00fcber die noch nie so viel gesprochen wurde wie heute.<\/p>\n\n\n\n<figure class=\"wp-block-image size-full\"><img decoding=\"async\" width=\"1024\" height=\"500\" src=\"https:\/\/printendo.de\/blog\/wp-content\/uploads\/29-1.jpeg\" alt=\"\" class=\"wp-image-3358\" srcset=\"https:\/\/printendo.de\/blog\/wp-content\/uploads\/29-1.jpeg 1024w, https:\/\/printendo.de\/blog\/wp-content\/uploads\/29-1-300x146.jpeg 300w, https:\/\/printendo.de\/blog\/wp-content\/uploads\/29-1-768x375.jpeg 768w, https:\/\/printendo.de\/blog\/wp-content\/uploads\/29-1-585x286.jpeg 585w\" sizes=\"(max-width: 1024px) 100vw, 1024px\" \/><figcaption>\u00a9 Mahmod Mowafy<\/figcaption><\/figure>\n\n\n\n<figure class=\"wp-block-image size-full\"><img decoding=\"async\" width=\"1024\" height=\"510\" src=\"https:\/\/printendo.de\/blog\/wp-content\/uploads\/30-1.jpeg\" alt=\"\" class=\"wp-image-3359\" srcset=\"https:\/\/printendo.de\/blog\/wp-content\/uploads\/30-1.jpeg 1024w, https:\/\/printendo.de\/blog\/wp-content\/uploads\/30-1-300x149.jpeg 300w, https:\/\/printendo.de\/blog\/wp-content\/uploads\/30-1-768x383.jpeg 768w, https:\/\/printendo.de\/blog\/wp-content\/uploads\/30-1-585x291.jpeg 585w\" sizes=\"(max-width: 1024px) 100vw, 1024px\" \/><figcaption>\u00a9 My Creative<\/figcaption><\/figure>\n\n\n\n<figure class=\"wp-block-image size-full\"><img decoding=\"async\" width=\"1009\" height=\"937\" src=\"https:\/\/printendo.de\/blog\/wp-content\/uploads\/31-1.jpeg\" alt=\"\" class=\"wp-image-3360\" srcset=\"https:\/\/printendo.de\/blog\/wp-content\/uploads\/31-1.jpeg 1009w, https:\/\/printendo.de\/blog\/wp-content\/uploads\/31-1-300x279.jpeg 300w, https:\/\/printendo.de\/blog\/wp-content\/uploads\/31-1-768x713.jpeg 768w, https:\/\/printendo.de\/blog\/wp-content\/uploads\/31-1-585x543.jpeg 585w\" sizes=\"(max-width: 1009px) 100vw, 1009px\" \/><figcaption>\u00a9 Walter Mattos, Batiza Naming Brands, Iure Figueira<\/figcaption><\/figure>\n\n\n\n<h2 class=\"wp-block-heading\">Handgezeichnete Illustrationen<\/h2>\n\n\n\n<p>Die Hinwendung zur Tradition schwingt in vielen kommenden Trends mit, und die Suche nach Authentizit\u00e4t in der visuellen Kommunikation wird nicht bei den Serifenschriften enden. Die Hinwendung zu handschriftlichen Illustrationen ist der n\u00e4chste Schritt beim Aufbau eines freundlichen und warmen Images. Marken, die sich auf Personalisierung und Individualit\u00e4t konzentrieren, werden dieses Instrument gerne nutzen, um Empathie zu zeigen und zu versuchen, den Menschen, die ihnen vertrauen, n\u00e4her zu sein.<\/p>\n\n\n\n<figure class=\"wp-block-image size-full\"><img decoding=\"async\" width=\"1024\" height=\"575\" src=\"https:\/\/printendo.de\/blog\/wp-content\/uploads\/32-1.jpeg\" alt=\"\" class=\"wp-image-3361\" srcset=\"https:\/\/printendo.de\/blog\/wp-content\/uploads\/32-1.jpeg 1024w, https:\/\/printendo.de\/blog\/wp-content\/uploads\/32-1-300x168.jpeg 300w, https:\/\/printendo.de\/blog\/wp-content\/uploads\/32-1-768x431.jpeg 768w, https:\/\/printendo.de\/blog\/wp-content\/uploads\/32-1-585x328.jpeg 585w\" sizes=\"(max-width: 1024px) 100vw, 1024px\" \/><figcaption>\u00a9 Crowl Design &amp; In\u00e1cio Eug\u00eanio<\/figcaption><\/figure>\n\n\n\n<figure class=\"wp-block-image size-full\"><img decoding=\"async\" width=\"1024\" height=\"682\" src=\"https:\/\/printendo.de\/blog\/wp-content\/uploads\/33-1.jpeg\" alt=\"\" class=\"wp-image-3362\" srcset=\"https:\/\/printendo.de\/blog\/wp-content\/uploads\/33-1.jpeg 1024w, https:\/\/printendo.de\/blog\/wp-content\/uploads\/33-1-300x200.jpeg 300w, https:\/\/printendo.de\/blog\/wp-content\/uploads\/33-1-768x512.jpeg 768w, https:\/\/printendo.de\/blog\/wp-content\/uploads\/33-1-585x390.jpeg 585w, https:\/\/printendo.de\/blog\/wp-content\/uploads\/33-1-263x175.jpeg 263w\" sizes=\"(max-width: 1024px) 100vw, 1024px\" \/><figcaption>\u00a9 Darling Visual Communications<\/figcaption><\/figure>\n\n\n\n<figure class=\"wp-block-image size-full\"><img decoding=\"async\" width=\"1024\" height=\"683\" src=\"https:\/\/printendo.de\/blog\/wp-content\/uploads\/34-1.jpeg\" alt=\"\" class=\"wp-image-3363\" srcset=\"https:\/\/printendo.de\/blog\/wp-content\/uploads\/34-1.jpeg 1024w, https:\/\/printendo.de\/blog\/wp-content\/uploads\/34-1-300x200.jpeg 300w, https:\/\/printendo.de\/blog\/wp-content\/uploads\/34-1-768x512.jpeg 768w, https:\/\/printendo.de\/blog\/wp-content\/uploads\/34-1-585x390.jpeg 585w, https:\/\/printendo.de\/blog\/wp-content\/uploads\/34-1-263x175.jpeg 263w\" sizes=\"(max-width: 1024px) 100vw, 1024px\" \/><figcaption>\u00a9 Filipe Lampejo &amp; Rita Davis<\/figcaption><\/figure>\n\n\n\n<p>Quellen der im Artikel verwendeten Grafiken:<br><a href=\"https:\/\/www.behance.net\/gallery\/100628833\/Pedro-Manhaes-Arq-Identidade-Visual\">https:\/\/www.behance.net\/gallery\/100628833\/Pedro-Manhaes-Arq-Identidade-Visual<\/a><br><a href=\"https:\/\/www.behance.net\/gallery\/139148395\/Collage-Art-I-Armenian-Poets\">https:\/\/www.behance.net\/gallery\/139148395\/Collage-Art-I-Armenian-Poets<\/a><br><a href=\"https:\/\/www.behance.net\/gallery\/137188363\/PosterLad-2021-series-Month-12\">https:\/\/www.behance.net\/gallery\/137188363\/PosterLad-2021-series-Month-12<\/a><br><a href=\"https:\/\/www.behance.net\/gallery\/153688469\/DESTROY-MUTANT-MASHUP\">https:\/\/www.behance.net\/gallery\/153688469\/DESTROY-MUTANT-MASHUP<\/a><br><a href=\"https:\/\/www.behance.net\/gallery\/153116439\/Li-ning-x-Way-of-Wade-Be-A-Dreamer-Series\">https:\/\/www.behance.net\/gallery\/153116439\/Li-ning-x-Way-of-Wade-Be-A-Dreamer-Series<\/a><br><a href=\"https:\/\/www.behance.net\/gallery\/112467475\/Desiguales-Vice\">https:\/\/www.behance.net\/gallery\/112467475\/Desiguales-Vice<\/a><br><a href=\"https:\/\/www.behance.net\/gallery\/146972255\/La-Citta-Sensoriale\">https:\/\/www.behance.net\/gallery\/146972255\/La-Citta-Sensoriale<\/a><br><a href=\"https:\/\/www.behance.net\/gallery\/117251781\/Keron-Brand-Identity\">https:\/\/www.behance.net\/gallery\/117251781\/Keron-Brand-Identity<\/a><br><a href=\"https:\/\/www.behance.net\/gallery\/151484215\/Meu-Mercadinho-Teatro-Comunidade\">https:\/\/www.behance.net\/gallery\/151484215\/Meu-Mercadinho-Teatro-Comunidade<\/a><br><a href=\"https:\/\/www.behance.net\/gallery\/113240661\/Finn\">https:\/\/www.behance.net\/gallery\/113240661\/Finn<\/a><br><a href=\"https:\/\/www.behance.net\/gallery\/66382241\/Ochaya-Matcha\">https:\/\/www.behance.net\/gallery\/66382241\/Ochaya-Matcha<\/a><br><a href=\"https:\/\/www.behance.net\/gallery\/146766881\/Fashion-Styling-Positive-Maximalism\">https:\/\/www.behance.net\/gallery\/146766881\/Fashion-Styling-Positive-Maximalism<\/a><br><a href=\"https:\/\/www.behance.net\/gallery\/112268727\/Mindfuless-A-Report-on-the-Future-of-Mindfulness\">https:\/\/www.behance.net\/gallery\/112268727\/Mindfuless-A-Report-on-the-Future-of-Mindfulness<\/a><br><a href=\"https:\/\/www.behance.net\/gallery\/106507605\/Wriggle-Mural-%28Mock-Up%29\">https:\/\/www.behance.net\/gallery\/106507605\/Wriggle-Mural-%28Mock-Up%29<\/a><br><a href=\"https:\/\/www.behance.net\/gallery\/153521247\/Kreol-Font-Family\">https:\/\/www.behance.net\/gallery\/153521247\/Kreol-Font-Family<\/a><br><a href=\"https:\/\/www.behance.net\/gallery\/145266303\/Fitzgerald-Classic-Retro-Serif-Font\">https:\/\/www.behance.net\/gallery\/145266303\/Fitzgerald-Classic-Retro-Serif-Font<\/a><br><a href=\"https:\/\/www.behance.net\/gallery\/121775347\/QUINLLIYK-RETRO-SERIF-FREE-FONT\">https:\/\/www.behance.net\/gallery\/121775347\/QUINLLIYK-RETRO-SERIF-FREE-FONT<\/a><br><a href=\"https:\/\/www.behance.net\/gallery\/147000795\/Audela-Font-Family\">https:\/\/www.behance.net\/gallery\/147000795\/Audela-Font-Family<\/a><br><a href=\"https:\/\/www.behance.net\/gallery\/148755621\/Beautiful-Nostalgia-Typeface\">https:\/\/www.behance.net\/gallery\/148755621\/Beautiful-Nostalgia-Typeface<\/a><br><a href=\"https:\/\/www.behance.net\/gallery\/96755907\/Black-Pig\">https:\/\/www.behance.net\/gallery\/96755907\/Black-Pig<\/a><br><a href=\"https:\/\/www.behance.net\/gallery\/152349205\/Biography-longread-TOMM-ASH\">https:\/\/www.behance.net\/gallery\/152349205\/Biography-longread-TOMM-ASH<\/a><br><a href=\"https:\/\/www.behance.net\/gallery\/129334597\/FCK-FAST-FASHION-Awareness-Campaign\">https:\/\/www.behance.net\/gallery\/129334597\/FCK-FAST-FASHION-Awareness-Campaign<\/a><br><a href=\"https:\/\/www.behance.net\/gallery\/131846849\/Tai-Loy-Dia-de-la-Diversidad-e-Inclusion\">https:\/\/www.behance.net\/gallery\/131846849\/Tai-Loy-Dia-de-la-Diversidad-e-Inclusion<\/a><br><a href=\"https:\/\/www.behance.net\/gallery\/120729431\/MOVEINMAY\">https:\/\/www.behance.net\/gallery\/120729431\/MOVEINMAY<\/a><br><a href=\"https:\/\/www.behance.net\/gallery\/152543601\/ACCEPTANCE-A-COMMENTARY-ON-INCLUSIVITY\">https:\/\/www.behance.net\/gallery\/152543601\/ACCEPTANCE-A-COMMENTARY-ON-INCLUSIVITY<\/a><br><a href=\"https:\/\/www.behance.net\/gallery\/151384173\/VARNE\">https:\/\/www.behance.net\/gallery\/151384173\/VARNE<\/a><br><a href=\"https:\/\/www.behance.net\/gallery\/153512647\/Eas-Fors-Isle-of-Mull-Knit\">https:\/\/www.behance.net\/gallery\/153512647\/Eas-Fors-Isle-of-Mull-Knit<\/a><br><a href=\"https:\/\/www.behance.net\/gallery\/135851665\/Alvor\">https:\/\/www.behance.net\/gallery\/135851665\/Alvor<\/a><br><a href=\"https:\/\/www.behance.net\/gallery\/119612551\/pavimento-Branding-Illustrations\">https:\/\/www.behance.net\/gallery\/119612551\/pavimento-Branding-Illustrations<\/a><br><a href=\"https:\/\/www.behance.net\/gallery\/124875279\/The-Taste-Therapy\">https:\/\/www.behance.net\/gallery\/124875279\/The-Taste-Therapy<\/a><br><a href=\"https:\/\/www.behance.net\/gallery\/151979257\/Mostra-Cine-Cidade\">https:\/\/www.behance.net\/gallery\/151979257\/Mostra-Cine-Cidade<\/a><\/p>\n\n\n\n<p><\/p>\n","protected":false},"excerpt":{"rendered":"<p>Man k\u00f6nnte sagen, es ist schon eine Tradition! Eine Zusammenstellung der interessantesten Trends im Grafikdesign, die f\u00fcr das kommende Jahr prognostiziert werden, ist gerade in unserem Blog erschienen. Lesen, sehen&hellip;<\/p>\n","protected":false},"author":1,"featured_media":3329,"comment_status":"open","ping_status":"open","sticky":false,"template":"","format":"standard","meta":{"_mi_skip_tracking":false,"_exactmetrics_sitenote_active":false,"_exactmetrics_sitenote_note":"","_exactmetrics_sitenote_category":0},"categories":[40],"tags":[],"aioseo_notices":[],"_links":{"self":[{"href":"https:\/\/printendo.de\/blog\/wp-json\/wp\/v2\/posts\/3328"}],"collection":[{"href":"https:\/\/printendo.de\/blog\/wp-json\/wp\/v2\/posts"}],"about":[{"href":"https:\/\/printendo.de\/blog\/wp-json\/wp\/v2\/types\/post"}],"author":[{"embeddable":true,"href":"https:\/\/printendo.de\/blog\/wp-json\/wp\/v2\/users\/1"}],"replies":[{"embeddable":true,"href":"https:\/\/printendo.de\/blog\/wp-json\/wp\/v2\/comments?post=3328"}],"version-history":[{"count":1,"href":"https:\/\/printendo.de\/blog\/wp-json\/wp\/v2\/posts\/3328\/revisions"}],"predecessor-version":[{"id":3364,"href":"https:\/\/printendo.de\/blog\/wp-json\/wp\/v2\/posts\/3328\/revisions\/3364"}],"wp:featuredmedia":[{"embeddable":true,"href":"https:\/\/printendo.de\/blog\/wp-json\/wp\/v2\/media\/3329"}],"wp:attachment":[{"href":"https:\/\/printendo.de\/blog\/wp-json\/wp\/v2\/media?parent=3328"}],"wp:term":[{"taxonomy":"category","embeddable":true,"href":"https:\/\/printendo.de\/blog\/wp-json\/wp\/v2\/categories?post=3328"},{"taxonomy":"post_tag","embeddable":true,"href":"https:\/\/printendo.de\/blog\/wp-json\/wp\/v2\/tags?post=3328"}],"curies":[{"name":"wp","href":"https:\/\/api.w.org\/{rel}","templated":true}]}}